{"id":176350,"date":"2022-12-29T09:26:41","date_gmt":"2022-12-29T08:26:41","guid":{"rendered":"https:\/\/www.brandit-protection.com\/?p=176350"},"modified":"2023-04-10T16:44:26","modified_gmt":"2023-04-10T15:44:26","slug":"pressemitteilung-neues-unternehmen-in-der-choice-gruppe","status":"publish","type":"post","link":"https:\/\/www.brandit-protection.com\/de\/pressemitteilung-neues-unternehmen-in-der-choice-gruppe\/","title":{"rendered":"*PRESSEMITTEILUNG* Neues Unternehmen in der CHOICE Gruppe"},"content":{"rendered":"Zum 01.01.2023 \u00fcbernimmt mbw das Berliner Unternehmen Brand.it GmbH. Unter der Leitung von mbw Gesch\u00e4ftsf\u00fchrer Jan Breuer kann das Unternehmen, welches Experte f\u00fcr Handy- und Tablet Schutzh\u00fcllen f\u00fcr Firmenkunden mit Logo Aufdruck ist, nun weiter wachsen und vom starken Netzwerk der CHOICE Unternehmensgruppe profitieren.\r\n<br><br>\r\nWer im Januar den Gemeinschaftsstand der CHOICE Gruppe auf der PSI Messe besucht (Halle 10 Stand E36), hat dann bereits die Gelegenheit, das Produktportfolio von Brand.it live zu erleben und sich von der hohen Qualit\u00e4t der Schutzh\u00fcllen sowie den namhaften Referenzen zu \u00fcberzeugen.\r\n<br><br>\r\nDie langj\u00e4hrigen Kunden, Lieferanten und Partner von Brand.it k\u00f6nnen darauf vertrauen, dass au\u00dfer dem neuen Eigent\u00fcmer und Gesch\u00e4ftsf\u00fchrer alles beim Alten bleibt. Auch die Ansprechpartner im Kundenservice bleiben gleich. Die Brand.it GmbH wird als eigenst\u00e4ndiges Unternehmen mit Sitz in Berlin unver\u00e4ndert fortbestehen.\r\n<br><br>\r\n<figure id=\"attachment_176351\" aria-describedby=\"caption-attachment-176351\" style=\"width: 600px\" class=\"wp-caption alignnone\"><a href=\"https:\/\/www.brandit-protection.com\/wp-content\/uploads\/Pressemitteilung-12.2022_Foto-Markus-Teufel-und-Jan-Breuer.jpeg\"><img decoding=\"async\" class=\"wp-image-176351\" src=\"https:\/\/www.brandit-protection.com\/wp-content\/uploads\/Pressemitteilung-12.2022_Foto-Markus-Teufel-und-Jan-Breuer.jpeg\" alt=\"Pressemitteilung 12.2022 Foto Markus Teufel und Jan Breuer\" width=\"600\" height=\"450\" \/><\/a><figcaption id=\"caption-attachment-176351\" class=\"wp-caption-text\">Foto: \u201eStaffel\u00fcbergabe\u201c am Standort der JCK Holding in Quakenbr\u00fcck: Markus Teufel (Gr\u00fcnder und ehemaliger GF) und Jan Breuer<\/figcaption><\/figure>\r\n","protected":false},"excerpt":{"rendered":"Zum 01.01.2023 \u00fcbernimmt mbw das Berliner Unternehmen Brand.it GmbH. Unter der Leitung von mbw Gesch\u00e4ftsf\u00fchrer Jan Breuer kann das Unternehmen, welches Experte f\u00fcr Handy- und Tablet Schutzh\u00fcllen f\u00fcr Firmenkunden mit Logo Aufdruck ist, nun weiter wachsen und vom starken Netzwerk der CHOICE Unternehmensgruppe profitieren. Wer im Januar den Gemeinschaftsstand der CHOICE Gruppe auf der PSI [&hellip;]","protected":false},"author":1480,"featured_media":176351,"comment_status":"open","ping_status":"closed","sticky":false,"template":"","format":"standard","meta":{"_kad_blocks_custom_css":"","_kad_blocks_head_custom_js":"","_kad_blocks_body_custom_js":"","_kad_blocks_footer_custom_js":"","footnotes":""},"categories":[],"tags":[],"class_list":["post-176350","post","type-post","status-publish","format-standard","has-post-thumbnail","hentry"],"acf":[],"taxonomy_info":[],"featured_image_src_large":["https:\/\/www.brandit-protection.com\/wp-content\/uploads\/Pressemitteilung-12.2022_Foto-Markus-Teufel-und-Jan-Breuer-1024x768.jpeg",1024,768,true],"author_info":{"display_name":"Philipp Kr\u00fcger","author_link":"https:\/\/www.brandit-protection.com\/de\/author\/philipp-kruegerzoho-com\/"},"comment_info":0,"category_info":[],"tag_info":false,"_links":{"self":[{"href":"https:\/\/www.brandit-protection.com\/de\/wp-json\/wp\/v2\/posts\/176350","targetHints":{"allow":["GET"]}}],"collection":[{"href":"https:\/\/www.brandit-protection.com\/de\/wp-json\/wp\/v2\/posts"}],"about":[{"href":"https:\/\/www.brandit-protection.com\/de\/wp-json\/wp\/v2\/types\/post"}],"author":[{"embeddable":true,"href":"https:\/\/www.brandit-protection.com\/de\/wp-json\/wp\/v2\/users\/1480"}],"replies":[{"embeddable":true,"href":"https:\/\/www.brandit-protection.com\/de\/wp-json\/wp\/v2\/comments?post=176350"}],"version-history":[{"count":4,"href":"https:\/\/www.brandit-protection.com\/de\/wp-json\/wp\/v2\/posts\/176350\/revisions"}],"predecessor-version":[{"id":177243,"href":"https:\/\/www.brandit-protection.com\/de\/wp-json\/wp\/v2\/posts\/176350\/revisions\/177243"}],"wp:featuredmedia":[{"embeddable":true,"href":"https:\/\/www.brandit-protection.com\/de\/wp-json\/wp\/v2\/media\/176351"}],"wp:attachment":[{"href":"https:\/\/www.brandit-protection.com\/de\/wp-json\/wp\/v2\/media?parent=176350"}],"wp:term":[{"taxonomy":"category","embeddable":true,"href":"https:\/\/www.brandit-protection.com\/de\/wp-json\/wp\/v2\/categories?post=176350"},{"taxonomy":"post_tag","embeddable":true,"href":"https:\/\/www.brandit-protection.com\/de\/wp-json\/wp\/v2\/tags?post=176350"}],"curies":[{"name":"wp","href":"https:\/\/api.w.org\/{rel}","templated":true}]}}